{"id":3637,"date":"2018-12-13T18:50:00","date_gmt":"2018-12-13T18:50:00","guid":{"rendered":"https:\/\/giram.ca\/?p=3637"},"modified":"2026-03-08T01:29:56","modified_gmt":"2026-03-08T01:29:56","slug":"demande-de-classement-du-chateau-beauce","status":"publish","type":"post","link":"http:\/\/giram.ca\/?p=3637","title":{"rendered":"Arguments compl\u00e9mentaires \u00e0 la demande de classement du Ch\u00e2teau Beauce et des meubles"},"content":{"rendered":"\n<h3 class=\"wp-block-heading\">adress\u00e9e \u00e0 la ministre de la Culture et des Communications, Nathalie Roy, le 18 octobre 2018<\/h3>\n\n\n<div class=\"wp-block-avatar\"><img alt='Avatar de GIRAM' src='https:\/\/secure.gravatar.com\/avatar\/5fee099dc20e4a4718059465e854cbc2422012d93f84defc33ee18ac00cf794d?s=96&#038;d=mm&#038;r=g' srcset='https:\/\/secure.gravatar.com\/avatar\/5fee099dc20e4a4718059465e854cbc2422012d93f84defc33ee18ac00cf794d?s=192&#038;d=mm&#038;r=g 2x' class='avatar avatar-96 photo wp-block-avatar__image' height='96' width='96' \/><\/div>\n\n\n<figure class=\"wp-block-image size-large\"><a href=\"https:\/\/giram.ca\/wp\/wp-content\/uploads\/2024\/12\/Jean-Marie-Fecteau.jpg\"><img loading=\"lazy\" decoding=\"async\" width=\"1024\" height=\"658\" src=\"https:\/\/giram.ca\/wp\/wp-content\/uploads\/2024\/12\/Jean-Marie-Fecteau-1024x658.jpg\" alt=\"\" class=\"wp-image-3652\" srcset=\"http:\/\/giram.ca\/wp\/wp-content\/uploads\/2024\/12\/Jean-Marie-Fecteau-1024x658.jpg 1024w, http:\/\/giram.ca\/wp\/wp-content\/uploads\/2024\/12\/Jean-Marie-Fecteau-300x193.jpg 300w, http:\/\/giram.ca\/wp\/wp-content\/uploads\/2024\/12\/Jean-Marie-Fecteau-768x493.jpg 768w, http:\/\/giram.ca\/wp\/wp-content\/uploads\/2024\/12\/Jean-Marie-Fecteau-1536x986.jpg 1536w, http:\/\/giram.ca\/wp\/wp-content\/uploads\/2024\/12\/Jean-Marie-Fecteau-600x385.jpg 600w, http:\/\/giram.ca\/wp\/wp-content\/uploads\/2024\/12\/Jean-Marie-Fecteau.jpg 1674w\" sizes=\"auto, (max-width: 1024px) 100vw, 1024px\" \/><\/a><figcaption class=\"wp-element-caption\"><sub>photo: Jean-Marie-Fecteau<\/sub><\/figcaption><\/figure>\n\n\n\n<p>L\u00e9vis, le 13 d\u00e9cembre 2018<\/p>\n\n\n\n<p>Conseil du patrimoine culturel du Qu\u00e9bec<br>Madame Line Ouellet, pr\u00e9sidente<br>225, Grande-All\u00e9e Est, Qu\u00e9bec<br>(Qu\u00e9bec) G1R 5G5<\/p>\n\n\n\n<p><strong>Objet&nbsp;: Arguments compl\u00e9mentaires \u00e0 la demande de classement du Ch\u00e2teau Beauce et des meubles, envoy\u00e9e \u00e0 la ministre de la Culture et des Communications, Nathalie Roy, le 18 octobre 2018.<\/strong><\/p>\n\n\n\n<p>Madame la pr\u00e9sidente et membres du CPCQ<\/p>\n\n\n\n<p>Le 18 octobre dernier, le Groupe d\u2019initiatives et de recherches appliqu\u00e9es au milieu (GIRAM) a fait parvenir un dossier avec annexes demandant le classement du Ch\u00e2teau Beauce et son environnement, ainsi que son mobilier, en vertu de la Loi sur le patrimoine culturel. Notre but \u00e9tait de renforcer la demande initiale (17 septembre 2018) d\u2019intervention urgente en vertu de l\u2019article 76, alin\u00e9a 1 de la Loi sur le patrimoine culturel de l\u2019avocat Charles Breton-Demeule et de l\u2019urbaniste Guillaume St-Jean et de s\u2019assurer du classement de l\u2019immeuble comme bien patrimonial.<\/p>\n\n\n\n<p>Avec l\u2019avis d\u2019intention de classement de la ministre, du 18 octobre 2018, le b\u00e2timent est sous protection temporaire, mais seul un classement d\u00e9finitif permettra d\u2019emp\u00eacher la d\u00e9molition autoris\u00e9e par la Ville de Sainte-Marie, le 11 septembre 2018.<\/p>\n\n\n\n<p><strong>Voici quelques arguments compl\u00e9mentaires&nbsp;:<\/strong><\/p>\n\n\n\n<p><strong>La localisation&nbsp;g\u00e9ographique&nbsp;<\/strong><\/p>\n\n\n\n<p>Le ch\u00e2teau Beauce se situe dans un c\u0153ur institutionnel ancien. Il est entour\u00e9 du presbyt\u00e8re en briques d\u2019\u00c9cosse (construit vers 1861 et agrandi en 1887), de l\u2019\u00e9glise (1857-1859) dessin\u00e9e par l\u2019architecte Charles Baillarg\u00e9 et class\u00e9e (ainsi que la sacristie) bien patrimonial depuis 2001, d\u2019une ancienne caserne de pompiers de 1926 et du cot\u00e9 nord-ouest d\u2019un centre r\u00e9cr\u00e9atif Art d\u00e9co de 1930. Le tout forme un ensemble de b\u00e2timents dont le caract\u00e8re monumental d\u00e9gage un fort impact visuel et une lecture exceptionnelle de l\u2019histoire du lieu <strong>(Annexe 1&nbsp;: photo #1<\/strong>).<\/p>\n\n\n\n<p>De la rue Notre-Dame Sud, on peut voir que le Ch\u00e2teau Beauce fait partie de la trame urbaine et de l\u2019alignement des b\u00e2timents de la Fabrique: presbyt\u00e8re, sacristie, \u00e9glise (<strong>A1&nbsp;: photo #2<\/strong>).<\/p>\n\n\n\n<p><strong>Des architectes de renom&nbsp;<\/strong><\/p>\n\n\n\n<p>Les plans d\u2019origine du Ch\u00e2teau Beauce ont \u00e9t\u00e9 con\u00e7us par des architectes de renom, Jean-Omer Marchand et Samuel S. Haskell, qui figurent parmi les premiers architectes canadiens dipl\u00f4m\u00e9s \u00e0 l\u2019\u00c9cole des beaux-arts de Paris. Jean-Omer Marchand est reconnu comme l\u2019un des plus grands architectes qu\u00e9b\u00e9cois, ayant dessin\u00e9 les plans de plusieurs b\u00e2timents prestigieux, dont la maison m\u00e8re des S\u0153urs de la Congr\u00e9gation Notre-Dame de Montr\u00e9al, en 1908 (devenu le coll\u00e8ge Dawson), le parlement du Canada en 1915-1916 et plusieurs autres \u00e9difices d\u2019envergure nationale. Comme l\u2019affirme l\u2019architecte George Leahy, la Ville de Sainte-Marie \u00ab&nbsp;peut s\u2019enorgueillir de conserver l\u2019une de ses rares \u0153uvres r\u00e9sidentielles&nbsp;\u00bb.<\/p>\n\n\n\n<p><strong>Une architecture impressionnante<\/strong><\/p>\n\n\n\n<p>L\u2019architecture du b\u00e2timent emprunte au courant \u00e9clectique. Malgr\u00e9 sa d\u00e9signation pompeuse de \u00ab&nbsp;Ch\u00e2teau Beauce&nbsp;\u00bb qui d\u00e9montrait que son architecture \u00e9tait particuli\u00e8rement impressionnante et distinctive pour le milieu beauceron, l\u2019immeuble n\u2019est pas du style ch\u00e2teau, mais plut\u00f4t du courant n\u00e9o-m\u00e9di\u00e9val inspir\u00e9 d\u2019ouvrages militaires avec ses couronnements cr\u00e9nel\u00e9s en toiture <strong>(A 1: photo #3)<\/strong>. George Leahy qualifie ce style de \u00ab&nbsp;Troubadour&nbsp;\u00bb, tel l\u2019ancien palais de justice de Kamouraska, ce qui rend le b\u00e2timent encore plus unique sur le plan national. Bien que le b\u00e2timent ait \u00e9t\u00e9 relev\u00e9 d\u2019un \u00e9tage vers 1937, la lecture de ce style a \u00e9t\u00e9 conserv\u00e9e de l\u2019int\u00e9rieur et de l\u2019ext\u00e9rieur <strong>(A 1: photo #4)<\/strong>.<\/p>\n\n\n\n<p>De plus, l\u2019int\u00e9rieur du Ch\u00e2teau Beauce a conserv\u00e9 la plupart de ses caract\u00e9ristiques d\u2019origine, tant sur le plan des divisions, de la mouluration, de ses manteaux de chemin\u00e9e en marbre et de ses lustres d\u2019origine (voir description des meubles). De tels int\u00e9rieurs de la \u00ab&nbsp;Belle \u00c9poque&nbsp;\u00bb, d\u2019une aussi grande richesse et dans leur \u00e9tat du d\u00e9but du XXe si\u00e8cle, sont rarissimes au Qu\u00e9bec. Laisser d\u00e9molir un tel monument exprimant le bon gout et l\u2019esth\u00e9tisme de cette p\u00e9riode serait un affront \u00e0 la culture et \u00e0 l\u2019histoire. C\u2019est pourtant ce pas qu\u2019a franchi la Ville de Sainte-Marie<a href=\"#_ftn1\" id=\"_ftnref1\">[1]<\/a>, \u00e0 la veille du 275<sup>e<\/sup> anniversaire de l\u2019\u00e9rection canonique de la paroisse, d\u00e9montrant une fois de plus que les municipalit\u00e9s ne sont pas aptes \u00e0 prot\u00e9ger et mettre en valeur leur patrimoine b\u00e2ti. Elles ont peine \u00e0 l\u2019identifier et ne font rien pour le conserver, m\u00eame lorsqu\u2019un b\u00e2timent est dans son plan d\u2019implantation et d\u2019int\u00e9gration architecturale (PIIA) et fait partie de son circuit patrimonial\u2026<\/p>\n\n\n\n<p><strong>Des propri\u00e9taires&nbsp;influents<\/strong><\/p>\n\n\n\n<p>George-Sim\u00e9on Th\u00e9berge, n\u00e9 \u00e0 Sainte-Marie en 1849, a des origines tr\u00e8s modestes, fils d\u2019un cultivateur et commer\u00e7ant d\u2019animaux. Apr\u00e8s ses \u00e9tudes notariales, il trouve important de venir \u00e9tablir sa pratique dans son milieu, d\u00e8s 1881. Il est tr\u00e8s entreprenant et devient un homme d\u2019affaires avis\u00e9 \u00e0 Sainte-Marie. Il acquiert graduellement la seigneurie de Sainte-Marie et deviendra propri\u00e9taire de l\u2019aqueduc du village entre 1900 et 1924. On ne peut conna\u00eetre pr\u00e9cis\u00e9ment la date de son association avec le notaire Ernest Damase \u00c9lusippe Larue, n\u00e9 \u00e0 Saint-Augustin-de-Desmaures et son cadet d\u2019environ 13 ans, mais il re\u00e7u officiellement notaire environ cinq ans plus tard, soit en 1884 <strong>(Annexe 2, pi\u00e8ce 1&nbsp;: Portrait des deux notaires).<\/strong><\/p>\n\n\n\n<p>Il est plausible que le notaire Th\u00e9berge ait fait construire seul sa maison cossue, car il avait acquis \u00e0 ce moment une grande aisance financi\u00e8re, mais une vente de terrain sur le site actuel, \u00e0 M<sup>e <\/sup>Larue en 1917, d\u00e9montre que leur association existe \u00e9galement sur le plan immobilier<\/p>\n\n\n\n<p>Les&nbsp; deux notaires sont demeur\u00e9s c\u00e9libataires, mais cela ne les a pas emp\u00each\u00e9s de c\u00f4toyer les dames de la haute soci\u00e9t\u00e9 de Sainte-Marie et de la r\u00e9gion, comme le d\u00e9montre cette photo de l\u2019heure du th\u00e9 sur la devanture du Ch\u00e2teau Beauce <strong>(A1&nbsp;: photos # 5).<\/strong><\/p>\n\n\n\n<p><strong>Une collection unique de meubles \u00e0 classer<\/strong><\/p>\n\n\n\n<p>Il est tr\u00e8s rare, au Qu\u00e9bec, de se retrouver avec des meubles du d\u00e9but du XXe si\u00e8cle, appartenant aux premiers propri\u00e9taires, encore pr\u00e9sents dans une r\u00e9sidence. Cette extraordinaire chance est due aux conditions de donation li\u00e9es au contrat des notaires Th\u00e9berge et Larue, le 29 septembre 1932 (acte 112 706 du Registre foncier du Qu\u00e9bec).<\/p>\n\n\n\n<p><em>Se r\u00e9servant les donateurs, la jouissance et l\u2019usufruit leur vie durant, et jusqu\u2019au d\u00e9c\u00e8s du survivant des deux, de tout ce que ci dessous donn\u00e9 moins cependant le monast\u00e8re, situ\u00e9 en arri\u00e8re de la b\u00e2tisse dite \u00ab&nbsp;Ch\u00e2teau Beauce&nbsp;\u00bb dont la dite Corporation<\/em> (des S\u0153urs missionnaires de l\u2019Immacul\u00e9e-Conception) <em>aura l\u2019enti\u00e8re propri\u00e9t\u00e9 \u00e0 compter des pr\u00e9sentes et la Corporation n\u2019aura la propri\u00e9t\u00e9 des dits immeubles r\u00e9serv\u00e9s en usufruit jusqu\u2019au d\u00e9c\u00e8s du survivant des deux. Il est entendu, en outre, que <strong>les donateurs se r\u00e9servent tous les meubles, meubles de m\u00e9nage et autres effets mobiliers qui sont dans les dites b\u00e2tisses, moins ceux qui sont dans le monast\u00e8re, de m\u00eame que les meubles qui sont fix\u00e9s \u00e0 perp\u00e9tuelle demeure, tel que miroirs, tableaux, lustres et autres meubles tant ceux fix\u00e9s \u00e0 clous ou fix\u00e9s autrement dans la b\u00e2tisse connue sous le nom de \u00ab&nbsp;Ch\u00e2teau Beauce&nbsp;\u00bb<\/strong><\/em><strong>.<\/strong><\/p>\n\n\n\n<p><em>\u00ab&nbsp;Il est sp\u00e9cialement convenu que si ladite Corporation, pour quelques raisons que ce soit, venait \u00e0 quitter la paroisse de Ste-Marie et cesser d\u2019habiter les propri\u00e9t\u00e9s ci-dessus donn\u00e9es, elle ne pourra pas vendre ces propri\u00e9t\u00e9s \u00e0 qui que ce soit, mais elle devra les donner gratuitement \u00e0 une autre communaut\u00e9 religieuse, soit d\u2019hommes ou de femmes, avec tous les meubles garnissant actuellement le monast\u00e8re, afin que le d\u00e9sir des donateurs soit rempli, \u00e0 savoir qu\u2019il y ait toujours une communaut\u00e9 qui occupera les terrains et habitera les b\u00e2tisses ci-dessus donn\u00e9es comme \u00e9tablissement religieux, ladite Corporation ne devant alors enlever que les biens meubles qu\u2019elle y aura apport\u00e9s ou ceux qu\u2019elle aura achet\u00e9s elle-m\u00eame par la suite.<\/em><\/p>\n\n\n\n<p>Dans un avis r\u00e9cent achemin\u00e9 au CPCQ, le 4 d\u00e9cembre 2018, l\u2019architecte George Leahy<a href=\"#_ftn2\" id=\"_ftnref2\"><u>[2]<\/u><\/a> souligne ceci&nbsp;:<\/p>\n\n\n\n<p><em>\u00ab&nbsp;Le Ch\u00e2teau Beauce poss\u00e8de une architecture int\u00e9rieure et un d\u00e9cor unique qui de surcroit sont rehauss\u00e9s de meubles miraculeusement conserv\u00e9s sur place depuis l\u2019occupation d\u2019origine de la r\u00e9sidence. Dans la salle \u00e0 manger, entre autres, on retrouve deux pi\u00e8ces de mobilier de bois noirci et d\u2019influence Eastlake qui, par leur appartenance \u00e0 une \u00e9poque victorienne tardive, sont annonciateurs de l\u2019Art nouveau, notamment des chapiteaux ornant des pilastres du vestibule et de la tapisserie de style Liberty, variante anglaise de l\u2019Art nouveau, ornant les murs de la cage d\u2019escaliers. Il est \u00e0 mentionner \u00e9galement la recherche de qualit\u00e9 dans le dessin et les mat\u00e9riaux utilis\u00e9s des manteaux de chemin\u00e9e qui sont toujours surmont\u00e9s de leurs magnifiques miroirs dor\u00e9s d\u2019origine et datant de la Belle \u00c9poque\u00bb<\/em><\/p>\n\n\n\n<p>Ne pas reconnaitre ces biens uniques comme <strong>\u00ab&nbsp;objets patrimoniaux&nbsp;\u00bb<\/strong>, c\u2019est les condamner \u00e0 la dispersion, \u00e0 leur vente sur le march\u00e9 de l\u2019antiquit\u00e9 (<strong>Annexe 2, pi\u00e8ce 2&nbsp;: Description des meubles et tableaux).<\/strong><\/p>\n\n\n\n<p><strong>Conclusion<\/strong><\/p>\n\n\n\n<p>Le ch\u00e2teau Beauce et son environnement doivent \u00eatre reconnus comme b\u00e2timents patrimoniaux <strong>(A1&nbsp;: photo #6<\/strong>). \u00c0 notre avis, ce classement devrait inclure le monast\u00e8re en arri\u00e8re du b\u00e2timent bourgeois, ainsi que l\u2019\u00e9curie en brique <strong>(A1&nbsp;: photo #7)<\/strong> devenue garage avec le temps. \u00c0 notre avis, les ajouts contemporains pourraient \u00eatre recycl\u00e9s ou d\u00e9molis, bien qu\u2019ils s\u2019inscrivent dans l\u2019\u00e9volution du site \u00e0 des fins religieuses <strong>(Annexe 2, pi\u00e8ce 3&nbsp;: Tableau-synth\u00e8se<\/strong> <strong>de l\u2019\u00e9volution historique des b\u00e2timents sur le site du Ch\u00e2teau Beauce)<\/strong>.<\/p>\n\n\n\n<p>Quant aux meubles et accessoires, ils font partie int\u00e9grante de la r\u00e9sidence du d\u00e9but du XX<sup>e<\/sup> si\u00e8cle et gr\u00e2ce aux conditions fix\u00e9es par les donateurs en 1932, nous avons la chance qu\u2019ils aient \u00e9t\u00e9 conserv\u00e9s jusqu\u2019\u00e0 ce jour, ce qui constitue un cas assez exceptionnel pour l\u2019ensemble du Qu\u00e9bec.<\/p>\n\n\n\n<p>Apr\u00e8s la d\u00e9molition sauvage de la maison du patriote Boileau \u00e0 Chambly, devant les multiples insouciances des municipalit\u00e9s du Qu\u00e9bec \u00e0 l\u2019\u00e9gard de leur patrimoine b\u00e2ti, m\u00eame pour des b\u00e2timents solides et prestigieux ou pour d\u2019autres \u00e0 forte valeur symbolique, il est grand temps que le minist\u00e8re de la Culture envoie un signal clair que le temps des d\u00e9molitions frivoles est termin\u00e9. Il faut que ce minist\u00e8re, ayant la responsabilit\u00e9 de la p\u00e9rennit\u00e9 du patrimoine qu\u00e9b\u00e9cois, r\u00e9vise ses politiques et ses actions, notamment celles aupr\u00e8s des municipalit\u00e9s, qui baissent les bras devant les promoteurs avides de patrimoine, mais exclusivement de leur patrimoine financier \u2026<\/p>\n\n\n\n<p>\u00c0 titre d\u2019exemple, \u00e0 L\u00e9vis, pour une maison qu\u2019on r\u00e9ussit \u00e0 sauver de la d\u00e9molition, la ville autorise des permis pour vingt autres. Souvent des petites maisons ouvri\u00e8res restaurables sont livr\u00e9es en p\u00e2ture \u00e0 des sp\u00e9culateurs ou \u00e0 des entrepreneurs immobiliers qui d\u00e9truisent peu \u00e0 peu les vieux quartiers par l\u2019insertion de nouvelles constructions rarement int\u00e9gr\u00e9es au b\u00e2ti traditionnel avoisinant et \u00e0 l\u2019esprit du lieu.<\/p>\n\n\n\n<p>Le Ch\u00e2teau Beauce a acquis, depuis la menace de&nbsp; d\u00e9molition qui p\u00e8se sur lui, une notori\u00e9t\u00e9 nationale. On en a fait r\u00e9f\u00e9rence dans <em>Le Devoir<\/em>, dans la revue <em>L\u2019Actualit\u00e9<\/em>, \u00e0 l\u2019\u00e9mission de Jo\u00ebl Le Bigot (Radio-Canada), la cam\u00e9ra du <em>T\u00e9l\u00e9journal Qu\u00e9bec <\/em>(Radio-Canada) a p\u00e9n\u00e9tr\u00e9 \u00e0 l\u2019int\u00e9rieur pour montrer \u00e0 tous son riche d\u00e9cor. Qu\u2019un organisme comme le Conseil du patrimoine culturel du Qu\u00e9bec refuse pour quelques motifs que ce soit de le classer, serait une preuve de plus qu\u2019il n\u2019y a, au Qu\u00e9bec, aucun rempart contre les destructions insens\u00e9es, m\u00eame lorsqu\u2019il s\u2019agit d\u2019un b\u00e2timent solide, ayant du panache et qui co\u00fbterait une fortune \u00e0 reconstruire, aujourd\u2019hui. Heureusement, ce Ch\u00e2teau Beauce sera fort probablement sauv\u00e9, mais qu\u2019arrivera-t-il aux autres b\u00e2timents patrimoniaux de nos villes, nos villages et nos rangs qui m\u00e9riteraient d\u2019\u00eatre conserv\u00e9s? Quelqu\u2019un pourra-t-il un jour arr\u00eater ce saccage de nos b\u00e2timents anciens qui pr\u00e9vaut depuis quelques d\u00e9cennies&nbsp;? Ne l\u2019oublions pas, en Am\u00e9rique du Nord, notre architecture particuli\u00e8re et distinctive est en symbiose avec notre langue et notre culture fran\u00e7aises.<\/p>\n\n\n\n<p>Esp\u00e9rant que ces informations pourront vous permettre de prendre la d\u00e9cision la plus judicieuse possible.<\/p>\n\n\n\n<p>Gaston Cadrin, vice-pr\u00e9sident au Patrimoine et \u00e0 l\u2019Environnement<\/p>\n\n\n\n<p>4870, boul. Guillaume-Couture,<br>C.P. 202,<br>L\u00e9vis (QC), G6V 6N8<\/p>\n\n\n\n<div data-wp-interactive=\"core\/file\" class=\"wp-block-file\"><object data-wp-bind--hidden=\"!state.hasPdfPreview\" hidden class=\"wp-block-file__embed\" data=\"https:\/\/giram.ca\/wp\/wp-content\/uploads\/2024\/12\/Memoire-CPCQ-dec-201826.pdf\" type=\"application\/pdf\" style=\"width:100%;height:600px\" aria-label=\"Contenu embarqu\u00e9 Me\u0301moire CPCQ de\u0301c 2018[26].\"><\/object><a id=\"wp-block-file--media-3c99b1d7-1bfe-4762-b2e3-4e1eb51a8528\" href=\"https:\/\/giram.ca\/wp\/wp-content\/uploads\/2024\/12\/Memoire-CPCQ-dec-201826.pdf\">Me\u0301moire CPCQ de\u0301c 2018[26]<\/a><a href=\"https:\/\/giram.ca\/wp\/wp-content\/uploads\/2024\/12\/Memoire-CPCQ-dec-201826.pdf\" class=\"wp-block-file__button wp-element-button\" download aria-describedby=\"wp-block-file--media-3c99b1d7-1bfe-4762-b2e3-4e1eb51a8528\">T\u00e9l\u00e9charger<\/a><\/div>\n\n\n\n<p><a href=\"https:\/\/www.enbeauce.com\/actualites\/societe\/347974\/demolition-du-chateau-beauce-un-sursis-dau-moins-90-jours\">https:\/\/www.enbeauce.com\/actualites\/societe\/347974\/demolition-du-chateau-beauce-un-sursis-dau-moins-90-jours<\/a><\/p>\n\n\n\n<p><a href=\"http:\/\/www.coolfm.biz\/nouvelle\/322-le-chateau-beauce-avait-ete-donne-par-les-oblates-de-bethanie-a-la-societe-alzheimer\">http:\/\/www.coolfm.biz\/nouvelle\/322-le-chateau-beauce-avait-ete-donne-par-les-oblates-de-bethanie-a-la-societe-alzheimer<\/a><\/p>\n\n\n\n<p>Entrevue de Sonia Nadeau, 23 octobre avec Patrick Moore<br><a href=\"mailto:studio@coolfm.biz\">studio@coolfm.biz<\/a><\/p>\n\n\n\n<p><strong>En Beauce<\/strong><br>Alexandre Poulin <a href=\"mailto:communiques@enbeauce.com\">communiques@enbeauce.com<\/a> <\/p>\n\n\n\n<p>Beauce M\u00e9dia <a href=\"http:\/\/www.beaucemedia.ca\">www.beaucemedia.ca<\/a><br>Hubert Lapointe : hlapointe@beaucemedia.ca<br>Andr\u00e9 Boutin : <a href=\"mailto:aboutin@beaucemedia.ca\">aboutin@beaucemedia.ca<\/a><\/p>\n\n\n\n<p><\/p>\n","protected":false},"excerpt":{"rendered":"<p>adress\u00e9e \u00e0 la ministre de la Culture et des Communications, Nathalie Roy, le 18 octobre 2018 L\u00e9vis, le 13 d\u00e9cembre 2018 Conseil du patrimoine culturel du Qu\u00e9becMadame Line Ouellet, pr\u00e9sidente225, Grande-All\u00e9e Est, Qu\u00e9bec(Qu\u00e9bec) G1R 5G5 Objet&nbsp;: Arguments compl\u00e9mentaires \u00e0 la demande de classement du Ch\u00e2teau Beauce et des meubles, envoy\u00e9e \u00e0 la ministre de la&hellip;<\/p>\n","protected":false},"author":2,"featured_media":3652,"comment_status":"closed","ping_status":"closed","sticky":false,"template":"","format":"standard","meta":{"footnotes":""},"categories":[8,16],"tags":[],"class_list":["post-3637","post","type-post","status-publish","format-standard","has-post-thumbnail","hentry","category-memoires","category-patrimoine"],"_links":{"self":[{"href":"http:\/\/giram.ca\/index.php?rest_route=\/wp\/v2\/posts\/3637","targetHints":{"allow":["GET"]}}],"collection":[{"href":"http:\/\/giram.ca\/index.php?rest_route=\/wp\/v2\/posts"}],"about":[{"href":"http:\/\/giram.ca\/index.php?rest_route=\/wp\/v2\/types\/post"}],"author":[{"embeddable":true,"href":"http:\/\/giram.ca\/index.php?rest_route=\/wp\/v2\/users\/2"}],"replies":[{"embeddable":true,"href":"http:\/\/giram.ca\/index.php?rest_route=%2Fwp%2Fv2%2Fcomments&post=3637"}],"version-history":[{"count":11,"href":"http:\/\/giram.ca\/index.php?rest_route=\/wp\/v2\/posts\/3637\/revisions"}],"predecessor-version":[{"id":3769,"href":"http:\/\/giram.ca\/index.php?rest_route=\/wp\/v2\/posts\/3637\/revisions\/3769"}],"wp:featuredmedia":[{"embeddable":true,"href":"http:\/\/giram.ca\/index.php?rest_route=\/wp\/v2\/media\/3652"}],"wp:attachment":[{"href":"http:\/\/giram.ca\/index.php?rest_route=%2Fwp%2Fv2%2Fmedia&parent=3637"}],"wp:term":[{"taxonomy":"category","embeddable":true,"href":"http:\/\/giram.ca\/index.php?rest_route=%2Fwp%2Fv2%2Fcategories&post=3637"},{"taxonomy":"post_tag","embeddable":true,"href":"http:\/\/giram.ca\/index.php?rest_route=%2Fwp%2Fv2%2Ftags&post=3637"}],"curies":[{"name":"wp","href":"https:\/\/api.w.org\/{rel}","templated":true}]}}