{"id":2398,"date":"2024-10-30T09:41:29","date_gmt":"2024-10-30T09:41:29","guid":{"rendered":"https:\/\/giram.ca\/?p=2398"},"modified":"2025-01-02T14:10:08","modified_gmt":"2025-01-02T14:10:08","slug":"2398","status":"publish","type":"post","link":"http:\/\/giram.ca\/?p=2398","title":{"rendered":"Comm\u00e9moration desdits excommuni\u00e9s de Saint-Michel"},"content":{"rendered":"\n<h4 class=\"wp-block-heading\">Il fallait que je le fasse<\/h4>\n\n\n\n<h4 class=\"wp-block-heading\">Comm\u00e9moration desdits excommuni\u00e9s de Saint-Michel<\/h4>\n\n\n\n<p><a href=\"https:\/\/ecomuseedupatrimoine.org\/medium\/articles-expert\/\" target=\"_blank\" rel=\"noreferrer noopener\">Articles Expert<\/a><\/p>\n\n\n\n<ul class=\"wp-block-list\">\n<li>Publi\u00e9 le 13 octobre 2024<\/li>\n<\/ul>\n\n\n\n<p><a href=\"https:\/\/ecomuseedupatrimoine.org\/author\/france-remillard\/\"><\/a><\/p>\n\n\n\n<h4 class=\"wp-block-heading\"><a href=\"https:\/\/ecomuseedupatrimoine.org\/author\/france-remillard\/\">France R\u00e9millard<\/a><\/h4>\n\n\n\n<p>Restauratrice et \u00e9ditrice en chef de l&rsquo;\u00c9comus\u00e9e du Patrimoine<\/p>\n\n\n\n<p>C\u2019est en ces termes que m\u2019a confi\u00e9 Gaston Cadrin, son incontournable devoir de comm\u00e9moration. &nbsp;Il l\u2019avait fait dans sa publication de 2015. <em>Les excommuni\u00e9s de Saint-Michel-de-Bellechasse au XVIIIe si\u00e8cle, <\/em>d\u00e9sormais \u00e9puis\u00e9, mais d\u00e9sirait p\u00e9renniser dans la pierre ces rebelles ou patriotes de Saint-Michel-de-Bellechasse.<\/p>\n\n\n\n<figure class=\"wp-block-image\"><img decoding=\"async\" src=\"https:\/\/ecomuseedupatrimoine.org\/wp-content\/uploads\/2024\/10\/excommunie-1-1022x1024.jpg\" alt=\"\"\/><\/figure>\n\n\n\n<p>Aussi, le 11 octobre dernier, une foule nombreuse se r\u00e9unissait en plein champ et par grand vent. Tous \u00e9taient venus assister au d\u00e9voilement de cette pierre plaqu\u00e9e \u00e0 la m\u00e9moire des cinq rebelles de Saint-Michel-de-Bellechasse ayant os\u00e9 d\u00e9fier l\u2019autorit\u00e9 religieuse qui incitait les habitants \u00e0 se ranger du c\u00f4t\u00e9 des Britanniques, des envahisseurs de date r\u00e9cente.&nbsp; Ceux qui ont \u00e9t\u00e9 tent\u00e9s par l\u2019appel r\u00e9volutionnaire des \u00c9tats voisins, d\u00e9sireux de briser le lien qui les asservissait \u00e0 cette couronne, ont \u00e9t\u00e9 tout simplement priv\u00e9s de s\u00e9pulture en terre b\u00e9nie de m\u00eame que de tout rituel fun\u00e9raire religieux. &nbsp;Trait\u00e9s tels des inf\u00e2mes pour s\u2019\u00eatre tenus debout et avoir refus\u00e9 de s\u2019amender, ils ont \u00e9t\u00e9 enterr\u00e9s en plein champ, sur la terre de Pierre Cadrin, anc\u00eatre de l\u2019instigateur du projet de comm\u00e9moration&nbsp;: Gaston Cadrin. C\u2019est sur cette m\u00eame terre, c\u00e9d\u00e9e depuis 1830 \u00e0 la famille Pouliot qui l\u2019exploite de g\u00e9n\u00e9ration en g\u00e9n\u00e9ration, que le monument a \u00e9t\u00e9 \u00e9rig\u00e9.<\/p>\n\n\n\n<figure class=\"wp-block-image\"><img decoding=\"async\" src=\"https:\/\/ecomuseedupatrimoine.org\/wp-content\/uploads\/2024\/10\/excommunie-2-1024x683.jpg\" alt=\"\"\/><figcaption class=\"wp-element-caption\">Le 11 octobre dernier, ils \u00e9taient venus nombreux assister au d\u00e9voilement du monument comm\u00e9morant lesdits excommuni\u00e9s de Saint-Michel-de-Bellechasse. Photo : Pierre Duquet<\/figcaption><\/figure>\n\n\n\n<figure class=\"wp-block-image\"><img decoding=\"async\" src=\"https:\/\/ecomuseedupatrimoine.org\/wp-content\/uploads\/2024\/10\/excommunie-3-1024x692.jpg\" alt=\"\"\/><figcaption class=\"wp-element-caption\">Jacques Pouliot et son petit-fils Victor Pouliot posant fi\u00e8rement devant la pierre comm\u00e9morative qu\u2019ils ont \u00e9rig\u00e9e sur la terre des Cadrin-Pouliot (1727 \u00e0 aujourd\u2019hui). Photo : Gaston Cadrin, 10 octobre 2024<\/figcaption><\/figure>\n\n\n\n<p>Des nombreuses personnes ont contribu\u00e9 financi\u00e8rement \u00e0 ce geste et la famille Pouliot a proprement et solidement install\u00e9 la pierre sur son socle et y ont fermement accroch\u00e9 la plaque. &nbsp;Illustr\u00e9e par les soins de Jean-Claude L\u00e9gar\u00e9 et contextualis\u00e9e par un texte de Gaston Cadrin, elle constitue d\u00e9sormais un rep\u00e8re historique de ces individus bannis pour motifs politiques. &nbsp;Ainsi le 11 octobre de 2024 marquait le jour anniversaire de la translation des restes mortels en l\u2019an 1880, pr\u00e8s de 100 ans apr\u00e8s les faits. Finalement rapatri\u00e9s au cimeti\u00e8re de Saint-Michel, ils ont \u00e9t\u00e9 ensevelis dans une fosse commune dans la zone des enfants morts sans bapt\u00eame.<\/p>\n\n\n\n<p>Plusieurs descendants des familles rebelles ont particip\u00e9 \u00e0 la c\u00e9r\u00e9monie.&nbsp; La pierre a \u00e9t\u00e9 b\u00e9nie par un pr\u00eatre, descendant de la famille Cadrin. De nombreuses personnalit\u00e9s \u00e9taient pr\u00e9sentes et plusieurs ont pris la parole pour souligner le tr\u00e8s beau geste et rappeler \u00e0 la m\u00e9moire l\u2019histoire de celles et ceux qui nous ont forg\u00e9s. &nbsp;<\/p>\n\n\n\n<figure class=\"wp-block-image\"><img decoding=\"async\" src=\"https:\/\/ecomuseedupatrimoine.org\/wp-content\/uploads\/2024\/10\/excommunie-4-1024x751.jpg\" alt=\"\"\/><figcaption class=\"wp-element-caption\">Devant le monument, quelques personnes invit\u00e9es \u00e0 prendre la parole lors du d\u00e9voilement. Dans l\u2019ordre habituel : l\u2019abb\u00e9 Denis Cadrin, fr\u00e8re de l\u2019instigateur, Caroline Desbiens, d\u00e9put\u00e9e du Bloc qu\u00e9b\u00e9cois, Gaston Cadrin, instigateur du projet de comm\u00e9moration, Jacques Pouliot, propri\u00e9taire de la terre Cadrin-Pouliot, Yvon Dumont, maire de la municipalit\u00e9, Florian Lambert, artiste et compositeur, Sylvie Corriveau, journaliste, Charles Laferri\u00e8re, attach\u00e9 politique de St\u00e9phanie Lachance et Denis Racine, pr\u00e9sident de l\u2019Association des familles Racine. Photo : Pierre Duquet<\/figcaption><\/figure>\n\n\n\n<p>Voir aussi: <a rel=\"noreferrer noopener\" href=\"https:\/\/ecomuseedupatrimoine.org\/ressources\/pour-commemorer-les-rebelles-de-saint-michel\/\" target=\"_blank\">Pour comm\u00e9morer les rebelles de Saint-Michel<\/a><\/p>\n\n\n\n<figure class=\"wp-block-embed is-type-wp-embed is-provider-ecomus-eacute-e-du-patrimoine-funeraire-et-commemoratif wp-block-embed-ecomus-eacute-e-du-patrimoine-funeraire-et-commemoratif\"><div class=\"wp-block-embed__wrapper\">\n<blockquote class=\"wp-embedded-content\" data-secret=\"KptxTJurdF\"><a href=\"https:\/\/ecomuseedupatrimoine.org\/ressources\/il-fallait-que-je-le-fasse\/\">Il fallait que je le fasse<\/a><\/blockquote><iframe loading=\"lazy\" class=\"wp-embedded-content\" sandbox=\"allow-scripts\" security=\"restricted\" style=\"position: absolute; visibility: hidden;\" title=\"\u00ab\u00a0Il fallait que je le fasse\u00a0\u00bb &#8212; Ecomus&eacute;e du patrimoine funeraire et commemoratif\" src=\"https:\/\/ecomuseedupatrimoine.org\/ressources\/il-fallait-que-je-le-fasse\/embed\/#?secret=vcgmoMsyy6#?secret=KptxTJurdF\" data-secret=\"KptxTJurdF\" width=\"600\" height=\"338\" frameborder=\"0\" marginwidth=\"0\" marginheight=\"0\" scrolling=\"no\"><\/iframe>\n<\/div><\/figure>\n\n\n\n<p><a href=\"https:\/\/ecomuseedupatrimoine.org\/ressources\/il-fallait-que-je-le-fasse\/le-funeraire\"><\/a><a href=\"https:\/\/ecomuseedupatrimoine.org\/themes\/lieux\/\"><\/a><a href=\"https:\/\/ecomuseedupatrimoine.org\/themes\/les-cimetieres\/\"><\/a><\/p>\n\n\n\n<p><a href=\"https:\/\/ecomuseedupatrimoine.org\/author\/brigitte-garneau\/\"><\/a><a href=\"https:\/\/ecomuseedupatrimoine.org\/author\/yvon-rodrigue\/\"><\/a><\/p>\n\n\n\n<h4 class=\"wp-block-heading\"><a href=\"https:\/\/ecomuseedupatrimoine.org\/ressources\/proteger-les-cimetieres-du-quebec-comment-sinspirer-de-lontario\/\"><\/a><\/h4>\n\n\n\n<p><a href=\"https:\/\/ecomuseedupatrimoine.org\/ressources\/proteger-les-cimetieres-du-quebec-comment-sinspirer-de-lontario\/\"><\/a><\/p>\n\n\n\n<p><\/p>\n","protected":false},"excerpt":{"rendered":"<p>Il fallait que je le fasse Comm\u00e9moration desdits excommuni\u00e9s de Saint-Michel Articles Expert France R\u00e9millard Restauratrice et \u00e9ditrice en chef de l&rsquo;\u00c9comus\u00e9e du Patrimoine C\u2019est en ces termes que m\u2019a confi\u00e9 Gaston Cadrin, son incontournable devoir de comm\u00e9moration. &nbsp;Il l\u2019avait fait dans sa publication de 2015. Les excommuni\u00e9s de Saint-Michel-de-Bellechasse au XVIIIe si\u00e8cle, d\u00e9sormais \u00e9puis\u00e9,&hellip;<\/p>\n","protected":false},"author":2,"featured_media":3330,"comment_status":"closed","ping_status":"closed","sticky":false,"template":"","format":"standard","meta":{"footnotes":""},"categories":[16],"tags":[],"class_list":["post-2398","post","type-post","status-publish","format-standard","has-post-thumbnail","hentry","category-patrimoine"],"_links":{"self":[{"href":"http:\/\/giram.ca\/index.php?rest_route=\/wp\/v2\/posts\/2398","targetHints":{"allow":["GET"]}}],"collection":[{"href":"http:\/\/giram.ca\/index.php?rest_route=\/wp\/v2\/posts"}],"about":[{"href":"http:\/\/giram.ca\/index.php?rest_route=\/wp\/v2\/types\/post"}],"author":[{"embeddable":true,"href":"http:\/\/giram.ca\/index.php?rest_route=\/wp\/v2\/users\/2"}],"replies":[{"embeddable":true,"href":"http:\/\/giram.ca\/index.php?rest_route=%2Fwp%2Fv2%2Fcomments&post=2398"}],"version-history":[{"count":6,"href":"http:\/\/giram.ca\/index.php?rest_route=\/wp\/v2\/posts\/2398\/revisions"}],"predecessor-version":[{"id":2510,"href":"http:\/\/giram.ca\/index.php?rest_route=\/wp\/v2\/posts\/2398\/revisions\/2510"}],"wp:featuredmedia":[{"embeddable":true,"href":"http:\/\/giram.ca\/index.php?rest_route=\/wp\/v2\/media\/3330"}],"wp:attachment":[{"href":"http:\/\/giram.ca\/index.php?rest_route=%2Fwp%2Fv2%2Fmedia&parent=2398"}],"wp:term":[{"taxonomy":"category","embeddable":true,"href":"http:\/\/giram.ca\/index.php?rest_route=%2Fwp%2Fv2%2Fcategories&post=2398"},{"taxonomy":"post_tag","embeddable":true,"href":"http:\/\/giram.ca\/index.php?rest_route=%2Fwp%2Fv2%2Ftags&post=2398"}],"curies":[{"name":"wp","href":"https:\/\/api.w.org\/{rel}","templated":true}]}}