{"id":2379,"date":"2024-10-13T16:21:24","date_gmt":"2024-10-13T16:21:24","guid":{"rendered":"https:\/\/giram.ca\/?p=2379"},"modified":"2026-03-08T01:24:39","modified_gmt":"2026-03-08T01:24:39","slug":"un-evenement-inedit-ou-ont-participe-plus-de-80-personnes","status":"publish","type":"post","link":"http:\/\/giram.ca\/?p=2379","title":{"rendered":"Un \u00e9v\u00e9nement in\u00e9dit o\u00f9 ont particip\u00e9 plus de 80 personnes"},"content":{"rendered":"<div class=\"wp-block-avatar\"><img alt='Avatar de GIRAM' src='https:\/\/secure.gravatar.com\/avatar\/5fee099dc20e4a4718059465e854cbc2422012d93f84defc33ee18ac00cf794d?s=96&#038;d=mm&#038;r=g' srcset='https:\/\/secure.gravatar.com\/avatar\/5fee099dc20e4a4718059465e854cbc2422012d93f84defc33ee18ac00cf794d?s=192&#038;d=mm&#038;r=g 2x' class='avatar avatar-96 photo wp-block-avatar__image' height='96' width='96' \/><\/div>\n\n\n<p>Toute une c\u00e9r\u00e9monie, hier au chemin d&rsquo;Azur, \u00e0 La Durantaye, pour r\u00e9habiliter les cinq personnes enterr\u00e9es en plein champ entre 1781 et 1788. Un \u00e9v\u00e9nement in\u00e9dit o\u00f9 ont particip\u00e9 plus de 80 personnes. Une pierre avec une superbe plaque comm\u00e9morative en aluminium coul\u00e9e assurera la p\u00e9rennit\u00e9 de cette histoire li\u00e9e \u00e0 l&rsquo;invitation des Am\u00e9ricains \u00e0 \u00eatre ind\u00e9pendants avec eux (1775-1776) pour les g\u00e9n\u00e9rations actuelles et futures. Le dessin du cimeti\u00e8re sur la plaque est de l&rsquo;artiste Jean-Claude L\u00e9gar\u00e9.<\/p>\n\n\n\n<p>Les deux photos sont de Pierre Duquet.<\/p>\n\n\n\n<figure class=\"wp-block-image size-large\"><a href=\"https:\/\/giram.ca\/wp\/wp-content\/uploads\/2024\/10\/462780034_8640359016030721_6867829224943189254_n-1.jpg\"><img loading=\"lazy\" decoding=\"async\" width=\"1024\" height=\"660\" src=\"https:\/\/giram.ca\/wp\/wp-content\/uploads\/2024\/10\/462780034_8640359016030721_6867829224943189254_n-1-1024x660.jpg\" alt=\"\" class=\"wp-image-2388\" srcset=\"http:\/\/giram.ca\/wp\/wp-content\/uploads\/2024\/10\/462780034_8640359016030721_6867829224943189254_n-1-1024x660.jpg 1024w, http:\/\/giram.ca\/wp\/wp-content\/uploads\/2024\/10\/462780034_8640359016030721_6867829224943189254_n-1-300x193.jpg 300w, http:\/\/giram.ca\/wp\/wp-content\/uploads\/2024\/10\/462780034_8640359016030721_6867829224943189254_n-1-768x495.jpg 768w, http:\/\/giram.ca\/wp\/wp-content\/uploads\/2024\/10\/462780034_8640359016030721_6867829224943189254_n-1-1536x990.jpg 1536w, http:\/\/giram.ca\/wp\/wp-content\/uploads\/2024\/10\/462780034_8640359016030721_6867829224943189254_n-1.jpg 2048w\" sizes=\"auto, (max-width: 1024px) 100vw, 1024px\" \/><\/a><\/figure>\n\n\n\n<p>1- l&rsquo;ensemble des participants.<\/p>\n\n\n\n<p>2- Les principaux porte-parole: L&rsquo;abb\u00e9 Denis Cadrin, Caroline Desbiens, d\u00e9put\u00e9e f\u00e9d\u00e9rale de Beauport-\u00ce.O. et Charlevoix, moi-m\u00eame, vice-pr\u00e9sident du GIRAM, Jacques Pouliot au nom de sa famille, propri\u00e9taire de la terre ancestrale Cadrin-Pouliot, Yvon Dumont, maire de La Durantaye, Florian Lambert, chansonnier, Sylvie Corriveau, vice-pr\u00e9sidente de la Soci\u00e9t\u00e9 historique de Bellechasse, Chales Laferri\u00e8re, attach\u00e9 politique de la d\u00e9put\u00e9e de Bellechasse, St\u00e9phanie Lachance et Denis Racine pour lAssociation des familles Racine d&rsquo;Am\u00e9rique. <\/p>\n\n\n\n<p>Gaston Cadrin, vice-pr\u00e9sident GIRAM<\/p>\n","protected":false},"excerpt":{"rendered":"<p>Toute une c\u00e9r\u00e9monie, hier au chemin d&rsquo;Azur, \u00e0 La Durantaye, pour r\u00e9habiliter les cinq personnes enterr\u00e9es en plein champ entre 1781 et 1788. Un \u00e9v\u00e9nement in\u00e9dit o\u00f9 ont particip\u00e9 plus de 80 personnes. Une pierre avec une superbe plaque comm\u00e9morative en aluminium coul\u00e9e assurera la p\u00e9rennit\u00e9 de cette histoire li\u00e9e \u00e0 l&rsquo;invitation des Am\u00e9ricains \u00e0&hellip;<\/p>\n","protected":false},"author":2,"featured_media":2605,"comment_status":"closed","ping_status":"closed","sticky":false,"template":"","format":"standard","meta":{"footnotes":""},"categories":[24],"tags":[],"class_list":["post-2379","post","type-post","status-publish","format-standard","has-post-thumbnail","hentry","category-point-de-vue-giram"],"_links":{"self":[{"href":"http:\/\/giram.ca\/index.php?rest_route=\/wp\/v2\/posts\/2379","targetHints":{"allow":["GET"]}}],"collection":[{"href":"http:\/\/giram.ca\/index.php?rest_route=\/wp\/v2\/posts"}],"about":[{"href":"http:\/\/giram.ca\/index.php?rest_route=\/wp\/v2\/types\/post"}],"author":[{"embeddable":true,"href":"http:\/\/giram.ca\/index.php?rest_route=\/wp\/v2\/users\/2"}],"replies":[{"embeddable":true,"href":"http:\/\/giram.ca\/index.php?rest_route=%2Fwp%2Fv2%2Fcomments&post=2379"}],"version-history":[{"count":7,"href":"http:\/\/giram.ca\/index.php?rest_route=\/wp\/v2\/posts\/2379\/revisions"}],"predecessor-version":[{"id":4360,"href":"http:\/\/giram.ca\/index.php?rest_route=\/wp\/v2\/posts\/2379\/revisions\/4360"}],"wp:featuredmedia":[{"embeddable":true,"href":"http:\/\/giram.ca\/index.php?rest_route=\/wp\/v2\/media\/2605"}],"wp:attachment":[{"href":"http:\/\/giram.ca\/index.php?rest_route=%2Fwp%2Fv2%2Fmedia&parent=2379"}],"wp:term":[{"taxonomy":"category","embeddable":true,"href":"http:\/\/giram.ca\/index.php?rest_route=%2Fwp%2Fv2%2Fcategories&post=2379"},{"taxonomy":"post_tag","embeddable":true,"href":"http:\/\/giram.ca\/index.php?rest_route=%2Fwp%2Fv2%2Ftags&post=2379"}],"curies":[{"name":"wp","href":"https:\/\/api.w.org\/{rel}","templated":true}]}}