{"id":2282,"date":"2024-06-11T18:25:21","date_gmt":"2024-06-11T18:25:21","guid":{"rendered":"https:\/\/giram.ca\/?p=2282"},"modified":"2024-11-25T23:03:07","modified_gmt":"2024-11-25T23:03:07","slug":"acquisition-des-terres-rabaska-par-quebec-le-giram-demande-que-le-processus-dexamen-engage-par-la-cptaq-soit-respecte","status":"publish","type":"post","link":"http:\/\/giram.ca\/?p=2282","title":{"rendered":"Acquisition des terres Rabaska par Qu\u00e9bec. Le GIRAM demande que le processus d\u2019examen engag\u00e9 par la CPTAQ soit respect\u00e9."},"content":{"rendered":"<div class=\"wp-block-avatar\"><img alt='Avatar de GIRAM' src='https:\/\/secure.gravatar.com\/avatar\/5fee099dc20e4a4718059465e854cbc2422012d93f84defc33ee18ac00cf794d?s=96&#038;d=mm&#038;r=g' srcset='https:\/\/secure.gravatar.com\/avatar\/5fee099dc20e4a4718059465e854cbc2422012d93f84defc33ee18ac00cf794d?s=192&#038;d=mm&#038;r=g 2x' class='avatar avatar-96 photo wp-block-avatar__image' height='96' width='96' \/><\/div>\n\n\n<p>11 juin 2024<\/p>\n\n\n\n<p><strong><u>Acquisition des terres Rabaska par Qu\u00e9<\/u><\/strong><strong><u>bec<\/u><\/strong><strong>. Le GIRAM demande que le processus d\u2019examen engag\u00e9 par la CPTAQ soit respect\u00e9. Il demande en outre qu\u2019avant que cette derni\u00e8re ne finalise son analyse, soit d\u00e9voil\u00e9 par le ministre Fitzgibbon le contenu gard\u00e9 confidentiel de toute entente ou participation contractuelle avec le Port de Qu\u00e9bec. <\/strong><strong><\/strong><\/p>\n\n\n\n<p>La mission de la Commission&nbsp;: voir \u00e0 la protection du territoire agricole.<\/p>\n\n\n\n<p>Le 5&nbsp;juin dernier, Radio-Canada nous informe que le gouvernement du Qu\u00e9bec a en main un projet de d\u00e9cret visant \u00e0 <em>\u00e9carter la CPTAQ du dossier<\/em> de r\u00e9-inclusion des 272 hectares Rabaska en zone agricole, suite \u00e0 une requ\u00eate d\u00e9pos\u00e9e par le GIRAM depuis plusieurs mois.&nbsp; &nbsp;<\/p>\n\n\n\n<p>Selon ce dernier, \u00e9carter la Commission du dossier constitue un d\u00e9saveu du gouvernement \u00e0 l\u2019\u00e9gard d\u2019une institution cr\u00e9\u00e9e il y a plus de quatre d\u00e9cennies avec mission de sauvegarder ce qu\u2019il y a de plus pr\u00e9cieux pour une nation, sa capacit\u00e9 de nourrir sa population. Il faut laisser \u00e0 cette institution l\u2019opportunit\u00e9 de se prononcer.<\/p>\n\n\n\n<p>Dans son avis de 2007, la Commission avait d\u00e9j\u00e0 signifi\u00e9 au gouvernement que \u00ab&nbsp;l<em>\u2019ouverture d\u2019un parc industrialo-portuaire dans le secteur concern\u00e9, aura des effets d\u00e9structurants\u2026 signifiant la perte \u00e0 <\/em><em>long terme d<\/em><em>\u2019une superficie de plus de 500 hectares de terres agricoles et bois\u00e9es, comportant environ 300 hectares de terres de potentiels agricoles moyens \u00e0 bons, dont environ 150 hectares cultiv\u00e9<\/em><em>s. C<\/em><em>\u2019est donc la vocation de tout un secteur de la zone agricole qui pourrait \u00eatre compromise \u00e0 <\/em><em>long terme<\/em><em>&nbsp;\u00bb.<\/em> (CPTAQ, Dossier 351711. Avis au Gouvernement du Qu\u00e9bec.16 octobre 2007).<\/p>\n\n\n\n<p>Entente avec le Port de Qu\u00e9bec.<\/p>\n\n\n\n<p>Le 21&nbsp;f\u00e9vrier 2024, un premier d\u00e9cret (291-2024) autorisait le ministre de l\u2019\u00c9conomie \u00e0 acqu\u00e9rir les 272 hectares Rabaska dont est aussi actionnaire le Port de Qu\u00e9bec et sur lesquels il d\u00e9tient d\u00e9j\u00e0 une option d\u2019achat en vertu d\u2019une entente<em>. <\/em>On annonce que 109 hectares de l\u2019ensemble retrouveront un usage agricole, tout le reste conservant un usage industrialo-portuaire.<\/p>\n\n\n\n<p>Ce m\u00eame jour, le Port de Qu\u00e9bec affirme qu\u2019il a particip\u00e9 aux discussions avec le gouvernement et qu\u2019il <em>fera \u00ab&nbsp;partie de la suite des choses&nbsp;\u00bb.&nbsp; \u00ab&nbsp;Une extension des activit\u00e9s sur la Rive-Sud est envisag\u00e9e,<\/em> d\u00e9clare-t-il, <em>ce terrain est le seul au Qu\u00e9bec qui r\u00e9unit une profondeur d\u2019eau naturelle de 15 m\u00e8tres tout en offrant une connexion aux r\u00e9seaux ferroviaires et routiers nord-am\u00e9ricains&nbsp;\u00bb <\/em>(Administration portuaire de Qu\u00e9bec, Journal de Qu\u00e9bec, 21&nbsp;f\u00e9vrier 2024).<\/p>\n\n\n\n<p>Impossible de trouver dans ce D\u00e9cret 291-2024, la moindre information concernant la destin\u00e9e agricole de ces 109 hectares ni concernant l\u2019implication du Port de Qu\u00e9bec, <em>actionnaire de Rabaska inc.<\/em> On nage dans la plus grande obscurit\u00e9. Le GIRAM et l\u2019UPA se demandent combien de temps une enclave agricole de cette superficie pourra survivre, coinc\u00e9e entre une zone industrielle au sud et une activit\u00e9 portuaire au nord.<\/p>\n\n\n\n<p>La CPTAQ et les citoyens doivent pouvoir \u00eatre inform\u00e9s de toute implication contractuelle avec le Port de Qu\u00e9bec. Pas de place ici pour les secrets&nbsp;: il s\u2019agit d\u2019un projet gouvernemental, donc public, la Soci\u00e9t\u00e9 \u00e0 num\u00e9ro du ministre de l\u2019\u00c9conomie est une soci\u00e9t\u00e9 publique et le Port de Qu\u00e9bec aussi.<\/p>\n\n\n\n<p>Pierre-Paul S\u00e9n\u00e9chal. <\/p>\n","protected":false},"excerpt":{"rendered":"<p>11 juin 2024 Acquisition des terres Rabaska par Qu\u00e9bec. Le GIRAM demande que le processus d\u2019examen engag\u00e9 par la CPTAQ soit respect\u00e9. Il demande en outre qu\u2019avant que cette derni\u00e8re ne finalise son analyse, soit d\u00e9voil\u00e9 par le ministre Fitzgibbon le contenu gard\u00e9 confidentiel de toute entente ou participation contractuelle avec le Port de Qu\u00e9bec.&hellip;<\/p>\n","protected":false},"author":2,"featured_media":2649,"comment_status":"closed","ping_status":"closed","sticky":true,"template":"","format":"standard","meta":{"footnotes":""},"categories":[6,5],"tags":[],"class_list":["post-2282","post","type-post","status-publish","format-standard","has-post-thumbnail","hentry","category-environnement","category-les-dossiers-de-lheure"],"_links":{"self":[{"href":"http:\/\/giram.ca\/index.php?rest_route=\/wp\/v2\/posts\/2282","targetHints":{"allow":["GET"]}}],"collection":[{"href":"http:\/\/giram.ca\/index.php?rest_route=\/wp\/v2\/posts"}],"about":[{"href":"http:\/\/giram.ca\/index.php?rest_route=\/wp\/v2\/types\/post"}],"author":[{"embeddable":true,"href":"http:\/\/giram.ca\/index.php?rest_route=\/wp\/v2\/users\/2"}],"replies":[{"embeddable":true,"href":"http:\/\/giram.ca\/index.php?rest_route=%2Fwp%2Fv2%2Fcomments&post=2282"}],"version-history":[{"count":3,"href":"http:\/\/giram.ca\/index.php?rest_route=\/wp\/v2\/posts\/2282\/revisions"}],"predecessor-version":[{"id":2532,"href":"http:\/\/giram.ca\/index.php?rest_route=\/wp\/v2\/posts\/2282\/revisions\/2532"}],"wp:featuredmedia":[{"embeddable":true,"href":"http:\/\/giram.ca\/index.php?rest_route=\/wp\/v2\/media\/2649"}],"wp:attachment":[{"href":"http:\/\/giram.ca\/index.php?rest_route=%2Fwp%2Fv2%2Fmedia&parent=2282"}],"wp:term":[{"taxonomy":"category","embeddable":true,"href":"http:\/\/giram.ca\/index.php?rest_route=%2Fwp%2Fv2%2Fcategories&post=2282"},{"taxonomy":"post_tag","embeddable":true,"href":"http:\/\/giram.ca\/index.php?rest_route=%2Fwp%2Fv2%2Ftags&post=2282"}],"curies":[{"name":"wp","href":"https:\/\/api.w.org\/{rel}","templated":true}]}}